












{"id":9899,"date":"2020-12-01T14:18:17","date_gmt":"2020-12-01T13:18:17","guid":{"rendered":"https:\/\/www.mymonacelliitaly.com\/?p=9899"},"modified":"2021-05-24T14:47:02","modified_gmt":"2021-05-24T13:47:02","slug":"nos-inspiramos-em-kandinsky","status":"publish","type":"post","link":"https:\/\/www.mymonacelliitaly.com\/pt-br\/2020\/12\/01\/nos-inspiramos-em-kandinsky\/","title":{"rendered":"NOS INSPIRAMOS EM KANDINSKY"},"content":{"rendered":"<p>Nos inspiramos em Kandinsky, o pintor m\u00fasico que correlacionava as cores aos seus sonhos, descrevendo perfeitamente a emo\u00e7\u00e3o de poder representar a realidade atrav\u00e9s da m\u00fasica, das cores e das formas.<\/p><p>A cor e as formas s\u00e3o as caracter\u00edsticas fundamentais e imprescind\u00edveis do nosso c\u00f3digo de estilo, que sempre fez parte do Sistema Monacelli Italy.<\/p><p>Vasilij Kandinsky, nas suas teorias sobre o uso da cor, estabeleceu um nexo muito estreito entre obra de arte e a dimens\u00e3o espiritual, afirmando que a alma e a arte se influenciam mutuamente.<\/p><p>Kandinskij analisou a rea\u00e7\u00e3o do observador frente a uma obra de arte e falou de dois efeitos: um puramente f\u00edsico e superficial, e um outro, mais profundo, atrav\u00e9s do qual emerge a verdadeira for\u00e7a ps\u00edquica da cor, que faz EMOCIONAR.<\/p><p>Cada cor \u00e9, portanto, portadora de uma mensagem emotiva bem precisa, \u00e0 qual tamb\u00e9m se associa um significado ac\u00fastico espec\u00edfico. Para Kandinsky, pintura e m\u00fasica se fundem em uma \u00fanica forma de arte sinest\u00e9sica, que atravessa impetuosamente o observador.<\/p><p>Segundo Kandinsky, \u201ca cor \u00e9 um meio para influenciar diretamente a Alma\u201d.<\/p>","protected":false},"excerpt":{"rendered":"<p>Nos inspiramos em Kandinsky, o pintor m\u00fasico que correlacionava as cores aos seus sonhos, descrevendo perfeitamente a emo\u00e7\u00e3o de poder representar a realidade atrav\u00e9s da m\u00fasica, das cores e das formas.<\/p>\n","protected":false},"author":14,"featured_media":7168,"comment_status":"open","ping_status":"closed","sticky":false,"template":"","format":"gallery","meta":{"footnotes":""},"categories":[414,412,413],"tags":[],"class_list":["post-9899","post","type-post","status-publish","format-gallery","has-post-thumbnail","hentry","category-arte","category-magazine","category-professional","post_format-post-format-gallery"],"yoast_head":"<!-- This site is optimized with the Yoast SEO plugin v25.0 - https:\/\/yoast.com\/wordpress\/plugins\/seo\/ -->\n<title>NOS INSPIRAMOS EM KANDINSKY | My Monacelli Italy<\/title>\n<meta name=\"description\" content=\"Nos inspiramos em Kandinsky, o pintor m\u00fasico que correlacionava as cores aos seus sonhos, descrevendo perfeitamente a emo\u00e7\u00e3o de poder representar a realidade atrav\u00e9s da m\u00fasica, das cores e das formas.\" \/>\n<meta name=\"robots\" content=\"index, follow, max-snippet:-1, max-image-preview:large, max-video-preview:-1\" \/>\n<link rel=\"canonical\" href=\"https:\/\/www.mymonacelliitaly.com\/pt-br\/2020\/12\/01\/nos-inspiramos-em-kandinsky\/\" \/>\n<meta property=\"og:locale\" content=\"en_US\" \/>\n<meta property=\"og:type\" content=\"article\" \/>\n<meta property=\"og:title\" content=\"NOS INSPIRAMOS EM KANDINSKY | My Monacelli Italy\" \/>\n<meta property=\"og:description\" content=\"Nos inspiramos em Kandinsky, o pintor m\u00fasico que correlacionava as cores aos seus sonhos, descrevendo perfeitamente a emo\u00e7\u00e3o de poder representar a realidade atrav\u00e9s da m\u00fasica, das cores e das formas.\" \/>\n<meta property=\"og:url\" content=\"https:\/\/www.mymonacelliitaly.com\/pt-br\/2020\/12\/01\/nos-inspiramos-em-kandinsky\/\" \/>\n<meta property=\"og:site_name\" content=\"My Monacelli Italy\" \/>\n<meta property=\"article:publisher\" content=\"https:\/\/www.facebook.com\/monacelliitaly\" \/>\n<meta property=\"article:published_time\" content=\"2020-12-01T13:18:17+00:00\" \/>\n<meta property=\"article:modified_time\" content=\"2021-05-24T13:47:02+00:00\" \/>\n<meta property=\"og:image\" content=\"https:\/\/www.mymonacelliitaly.com\/wp-content\/uploads\/2020\/12\/wassily-kandinsky-photo-1.jpg\" \/>\n\t<meta property=\"og:image:width\" content=\"604\" \/>\n\t<meta property=\"og:image:height\" content=\"604\" \/>\n\t<meta property=\"og:image:type\" content=\"image\/jpeg\" \/>\n<meta name=\"author\" content=\"MONACELLI ITALY\" \/>\n<meta name=\"twitter:card\" content=\"summary_large_image\" \/>\n<meta name=\"twitter:label1\" content=\"Written by\" \/>\n\t<meta name=\"twitter:data1\" content=\"MONACELLI ITALY\" \/>\n\t<meta name=\"twitter:label2\" content=\"Est. reading time\" \/>\n\t<meta name=\"twitter:data2\" content=\"1 minute\" \/>\n<script type=\"application\/ld+json\" class=\"yoast-schema-graph\">{\"@context\":\"https:\/\/schema.org\",\"@graph\":[{\"@type\":\"Article\",\"@id\":\"https:\/\/www.mymonacelliitaly.com\/pt-br\/2020\/12\/01\/nos-inspiramos-em-kandinsky\/#article\",\"isPartOf\":{\"@id\":\"https:\/\/www.mymonacelliitaly.com\/pt-br\/2020\/12\/01\/nos-inspiramos-em-kandinsky\/\"},\"author\":{\"name\":\"MONACELLI ITALY\",\"@id\":\"https:\/\/www.mymonacelliitaly.com\/pt-br\/#\/schema\/person\/7442177c12fd02dfc2b6e505f3d9d09c\"},\"headline\":\"NOS INSPIRAMOS EM KANDINSKY\",\"datePublished\":\"2020-12-01T13:18:17+00:00\",\"dateModified\":\"2021-05-24T13:47:02+00:00\",\"mainEntityOfPage\":{\"@id\":\"https:\/\/www.mymonacelliitaly.com\/pt-br\/2020\/12\/01\/nos-inspiramos-em-kandinsky\/\"},\"wordCount\":199,\"commentCount\":0,\"publisher\":{\"@id\":\"https:\/\/www.mymonacelliitaly.com\/pt-br\/#organization\"},\"image\":{\"@id\":\"https:\/\/www.mymonacelliitaly.com\/pt-br\/2020\/12\/01\/nos-inspiramos-em-kandinsky\/#primaryimage\"},\"thumbnailUrl\":\"https:\/\/www.mymonacelliitaly.com\/wp-content\/uploads\/2020\/12\/wassily-kandinsky-photo-1.jpg\",\"articleSection\":[\"Arte\",\"Magazine\",\"Professional\"],\"inLanguage\":\"BR\",\"potentialAction\":[{\"@type\":\"CommentAction\",\"name\":\"Comment\",\"target\":[\"https:\/\/www.mymonacelliitaly.com\/pt-br\/2020\/12\/01\/nos-inspiramos-em-kandinsky\/#respond\"]}]},{\"@type\":\"WebPage\",\"@id\":\"https:\/\/www.mymonacelliitaly.com\/pt-br\/2020\/12\/01\/nos-inspiramos-em-kandinsky\/\",\"url\":\"https:\/\/www.mymonacelliitaly.com\/pt-br\/2020\/12\/01\/nos-inspiramos-em-kandinsky\/\",\"name\":\"NOS INSPIRAMOS EM KANDINSKY | My Monacelli Italy\",\"isPartOf\":{\"@id\":\"https:\/\/www.mymonacelliitaly.com\/pt-br\/#website\"},\"primaryImageOfPage\":{\"@id\":\"https:\/\/www.mymonacelliitaly.com\/pt-br\/2020\/12\/01\/nos-inspiramos-em-kandinsky\/#primaryimage\"},\"image\":{\"@id\":\"https:\/\/www.mymonacelliitaly.com\/pt-br\/2020\/12\/01\/nos-inspiramos-em-kandinsky\/#primaryimage\"},\"thumbnailUrl\":\"https:\/\/www.mymonacelliitaly.com\/wp-content\/uploads\/2020\/12\/wassily-kandinsky-photo-1.jpg\",\"datePublished\":\"2020-12-01T13:18:17+00:00\",\"dateModified\":\"2021-05-24T13:47:02+00:00\",\"description\":\"Nos inspiramos em Kandinsky, o pintor m\u00fasico que correlacionava as cores aos seus sonhos, descrevendo perfeitamente a emo\u00e7\u00e3o de poder representar a realidade atrav\u00e9s da m\u00fasica, das cores e das formas.\",\"breadcrumb\":{\"@id\":\"https:\/\/www.mymonacelliitaly.com\/pt-br\/2020\/12\/01\/nos-inspiramos-em-kandinsky\/#breadcrumb\"},\"inLanguage\":\"BR\",\"potentialAction\":[{\"@type\":\"ReadAction\",\"target\":[\"https:\/\/www.mymonacelliitaly.com\/pt-br\/2020\/12\/01\/nos-inspiramos-em-kandinsky\/\"]}]},{\"@type\":\"ImageObject\",\"inLanguage\":\"BR\",\"@id\":\"https:\/\/www.mymonacelliitaly.com\/pt-br\/2020\/12\/01\/nos-inspiramos-em-kandinsky\/#primaryimage\",\"url\":\"https:\/\/www.mymonacelliitaly.com\/wp-content\/uploads\/2020\/12\/wassily-kandinsky-photo-1.jpg\",\"contentUrl\":\"https:\/\/www.mymonacelliitaly.com\/wp-content\/uploads\/2020\/12\/wassily-kandinsky-photo-1.jpg\",\"width\":604,\"height\":604},{\"@type\":\"BreadcrumbList\",\"@id\":\"https:\/\/www.mymonacelliitaly.com\/pt-br\/2020\/12\/01\/nos-inspiramos-em-kandinsky\/#breadcrumb\",\"itemListElement\":[{\"@type\":\"ListItem\",\"position\":1,\"name\":\"Home\",\"item\":\"https:\/\/www.mymonacelliitaly.com\/pt-br\/\"},{\"@type\":\"ListItem\",\"position\":2,\"name\":\"NOS INSPIRAMOS EM KANDINSKY\"}]},{\"@type\":\"WebSite\",\"@id\":\"https:\/\/www.mymonacelliitaly.com\/pt-br\/#website\",\"url\":\"https:\/\/www.mymonacelliitaly.com\/pt-br\/\",\"name\":\"My Monacelli Italy\",\"description\":\"L\u2019unica azienda cosmetica certificata come \u201cazienda di sviluppo\u201d.\",\"publisher\":{\"@id\":\"https:\/\/www.mymonacelliitaly.com\/pt-br\/#organization\"},\"potentialAction\":[{\"@type\":\"SearchAction\",\"target\":{\"@type\":\"EntryPoint\",\"urlTemplate\":\"https:\/\/www.mymonacelliitaly.com\/pt-br\/?s={search_term_string}\"},\"query-input\":{\"@type\":\"PropertyValueSpecification\",\"valueRequired\":true,\"valueName\":\"search_term_string\"}}],\"inLanguage\":\"BR\"},{\"@type\":\"Organization\",\"@id\":\"https:\/\/www.mymonacelliitaly.com\/pt-br\/#organization\",\"name\":\"Monacelli Italy\",\"url\":\"https:\/\/www.mymonacelliitaly.com\/pt-br\/\",\"logo\":{\"@type\":\"ImageObject\",\"inLanguage\":\"BR\",\"@id\":\"https:\/\/www.mymonacelliitaly.com\/pt-br\/#\/schema\/logo\/image\/\",\"url\":\"https:\/\/www.mymonacelliitaly.com\/wp-content\/uploads\/2020\/10\/logo-bn_FONDO-BIANCO.jpg\",\"contentUrl\":\"https:\/\/www.mymonacelliitaly.com\/wp-content\/uploads\/2020\/10\/logo-bn_FONDO-BIANCO.jpg\",\"width\":1074,\"height\":401,\"caption\":\"Monacelli Italy\"},\"image\":{\"@id\":\"https:\/\/www.mymonacelliitaly.com\/pt-br\/#\/schema\/logo\/image\/\"},\"sameAs\":[\"https:\/\/www.facebook.com\/monacelliitaly\"]},{\"@type\":\"Person\",\"@id\":\"https:\/\/www.mymonacelliitaly.com\/pt-br\/#\/schema\/person\/7442177c12fd02dfc2b6e505f3d9d09c\",\"name\":\"MONACELLI ITALY\",\"image\":{\"@type\":\"ImageObject\",\"inLanguage\":\"BR\",\"@id\":\"https:\/\/www.mymonacelliitaly.com\/pt-br\/#\/schema\/person\/image\/\",\"url\":\"https:\/\/secure.gravatar.com\/avatar\/4ea59077caf9c18c84655b3b696ca5b82ba223360791b3b5a722861926102137?s=96&d=mm&r=g\",\"contentUrl\":\"https:\/\/secure.gravatar.com\/avatar\/4ea59077caf9c18c84655b3b696ca5b82ba223360791b3b5a722861926102137?s=96&d=mm&r=g\",\"caption\":\"MONACELLI ITALY\"}}]}<\/script>\n<!-- \/ Yoast SEO plugin. -->","yoast_head_json":{"title":"NOS INSPIRAMOS EM KANDINSKY | My Monacelli Italy","description":"Nos inspiramos em Kandinsky, o pintor m\u00fasico que correlacionava as cores aos seus sonhos, descrevendo perfeitamente a emo\u00e7\u00e3o de poder representar a realidade atrav\u00e9s da m\u00fasica, das cores e das formas.","robots":{"index":"index","follow":"follow","max-snippet":"max-snippet:-1","max-image-preview":"max-image-preview:large","max-video-preview":"max-video-preview:-1"},"canonical":"https:\/\/www.mymonacelliitaly.com\/pt-br\/2020\/12\/01\/nos-inspiramos-em-kandinsky\/","og_locale":"en_US","og_type":"article","og_title":"NOS INSPIRAMOS EM KANDINSKY | My Monacelli Italy","og_description":"Nos inspiramos em Kandinsky, o pintor m\u00fasico que correlacionava as cores aos seus sonhos, descrevendo perfeitamente a emo\u00e7\u00e3o de poder representar a realidade atrav\u00e9s da m\u00fasica, das cores e das formas.","og_url":"https:\/\/www.mymonacelliitaly.com\/pt-br\/2020\/12\/01\/nos-inspiramos-em-kandinsky\/","og_site_name":"My Monacelli Italy","article_publisher":"https:\/\/www.facebook.com\/monacelliitaly","article_published_time":"2020-12-01T13:18:17+00:00","article_modified_time":"2021-05-24T13:47:02+00:00","og_image":[{"width":604,"height":604,"url":"https:\/\/www.mymonacelliitaly.com\/wp-content\/uploads\/2020\/12\/wassily-kandinsky-photo-1.jpg","type":"image\/jpeg"}],"author":"MONACELLI ITALY","twitter_card":"summary_large_image","twitter_misc":{"Written by":"MONACELLI ITALY","Est. reading time":"1 minute"},"schema":{"@context":"https:\/\/schema.org","@graph":[{"@type":"Article","@id":"https:\/\/www.mymonacelliitaly.com\/pt-br\/2020\/12\/01\/nos-inspiramos-em-kandinsky\/#article","isPartOf":{"@id":"https:\/\/www.mymonacelliitaly.com\/pt-br\/2020\/12\/01\/nos-inspiramos-em-kandinsky\/"},"author":{"name":"MONACELLI ITALY","@id":"https:\/\/www.mymonacelliitaly.com\/pt-br\/#\/schema\/person\/7442177c12fd02dfc2b6e505f3d9d09c"},"headline":"NOS INSPIRAMOS EM KANDINSKY","datePublished":"2020-12-01T13:18:17+00:00","dateModified":"2021-05-24T13:47:02+00:00","mainEntityOfPage":{"@id":"https:\/\/www.mymonacelliitaly.com\/pt-br\/2020\/12\/01\/nos-inspiramos-em-kandinsky\/"},"wordCount":199,"commentCount":0,"publisher":{"@id":"https:\/\/www.mymonacelliitaly.com\/pt-br\/#organization"},"image":{"@id":"https:\/\/www.mymonacelliitaly.com\/pt-br\/2020\/12\/01\/nos-inspiramos-em-kandinsky\/#primaryimage"},"thumbnailUrl":"https:\/\/www.mymonacelliitaly.com\/wp-content\/uploads\/2020\/12\/wassily-kandinsky-photo-1.jpg","articleSection":["Arte","Magazine","Professional"],"inLanguage":"BR","potentialAction":[{"@type":"CommentAction","name":"Comment","target":["https:\/\/www.mymonacelliitaly.com\/pt-br\/2020\/12\/01\/nos-inspiramos-em-kandinsky\/#respond"]}]},{"@type":"WebPage","@id":"https:\/\/www.mymonacelliitaly.com\/pt-br\/2020\/12\/01\/nos-inspiramos-em-kandinsky\/","url":"https:\/\/www.mymonacelliitaly.com\/pt-br\/2020\/12\/01\/nos-inspiramos-em-kandinsky\/","name":"NOS INSPIRAMOS EM KANDINSKY | My Monacelli Italy","isPartOf":{"@id":"https:\/\/www.mymonacelliitaly.com\/pt-br\/#website"},"primaryImageOfPage":{"@id":"https:\/\/www.mymonacelliitaly.com\/pt-br\/2020\/12\/01\/nos-inspiramos-em-kandinsky\/#primaryimage"},"image":{"@id":"https:\/\/www.mymonacelliitaly.com\/pt-br\/2020\/12\/01\/nos-inspiramos-em-kandinsky\/#primaryimage"},"thumbnailUrl":"https:\/\/www.mymonacelliitaly.com\/wp-content\/uploads\/2020\/12\/wassily-kandinsky-photo-1.jpg","datePublished":"2020-12-01T13:18:17+00:00","dateModified":"2021-05-24T13:47:02+00:00","description":"Nos inspiramos em Kandinsky, o pintor m\u00fasico que correlacionava as cores aos seus sonhos, descrevendo perfeitamente a emo\u00e7\u00e3o de poder representar a realidade atrav\u00e9s da m\u00fasica, das cores e das formas.","breadcrumb":{"@id":"https:\/\/www.mymonacelliitaly.com\/pt-br\/2020\/12\/01\/nos-inspiramos-em-kandinsky\/#breadcrumb"},"inLanguage":"BR","potentialAction":[{"@type":"ReadAction","target":["https:\/\/www.mymonacelliitaly.com\/pt-br\/2020\/12\/01\/nos-inspiramos-em-kandinsky\/"]}]},{"@type":"ImageObject","inLanguage":"BR","@id":"https:\/\/www.mymonacelliitaly.com\/pt-br\/2020\/12\/01\/nos-inspiramos-em-kandinsky\/#primaryimage","url":"https:\/\/www.mymonacelliitaly.com\/wp-content\/uploads\/2020\/12\/wassily-kandinsky-photo-1.jpg","contentUrl":"https:\/\/www.mymonacelliitaly.com\/wp-content\/uploads\/2020\/12\/wassily-kandinsky-photo-1.jpg","width":604,"height":604},{"@type":"BreadcrumbList","@id":"https:\/\/www.mymonacelliitaly.com\/pt-br\/2020\/12\/01\/nos-inspiramos-em-kandinsky\/#breadcrumb","itemListElement":[{"@type":"ListItem","position":1,"name":"Home","item":"https:\/\/www.mymonacelliitaly.com\/pt-br\/"},{"@type":"ListItem","position":2,"name":"NOS INSPIRAMOS EM KANDINSKY"}]},{"@type":"WebSite","@id":"https:\/\/www.mymonacelliitaly.com\/pt-br\/#website","url":"https:\/\/www.mymonacelliitaly.com\/pt-br\/","name":"My Monacelli Italy","description":"L\u2019unica azienda cosmetica certificata come \u201cazienda di sviluppo\u201d.","publisher":{"@id":"https:\/\/www.mymonacelliitaly.com\/pt-br\/#organization"},"potentialAction":[{"@type":"SearchAction","target":{"@type":"EntryPoint","urlTemplate":"https:\/\/www.mymonacelliitaly.com\/pt-br\/?s={search_term_string}"},"query-input":{"@type":"PropertyValueSpecification","valueRequired":true,"valueName":"search_term_string"}}],"inLanguage":"BR"},{"@type":"Organization","@id":"https:\/\/www.mymonacelliitaly.com\/pt-br\/#organization","name":"Monacelli Italy","url":"https:\/\/www.mymonacelliitaly.com\/pt-br\/","logo":{"@type":"ImageObject","inLanguage":"BR","@id":"https:\/\/www.mymonacelliitaly.com\/pt-br\/#\/schema\/logo\/image\/","url":"https:\/\/www.mymonacelliitaly.com\/wp-content\/uploads\/2020\/10\/logo-bn_FONDO-BIANCO.jpg","contentUrl":"https:\/\/www.mymonacelliitaly.com\/wp-content\/uploads\/2020\/10\/logo-bn_FONDO-BIANCO.jpg","width":1074,"height":401,"caption":"Monacelli Italy"},"image":{"@id":"https:\/\/www.mymonacelliitaly.com\/pt-br\/#\/schema\/logo\/image\/"},"sameAs":["https:\/\/www.facebook.com\/monacelliitaly"]},{"@type":"Person","@id":"https:\/\/www.mymonacelliitaly.com\/pt-br\/#\/schema\/person\/7442177c12fd02dfc2b6e505f3d9d09c","name":"MONACELLI ITALY","image":{"@type":"ImageObject","inLanguage":"BR","@id":"https:\/\/www.mymonacelliitaly.com\/pt-br\/#\/schema\/person\/image\/","url":"https:\/\/secure.gravatar.com\/avatar\/4ea59077caf9c18c84655b3b696ca5b82ba223360791b3b5a722861926102137?s=96&d=mm&r=g","contentUrl":"https:\/\/secure.gravatar.com\/avatar\/4ea59077caf9c18c84655b3b696ca5b82ba223360791b3b5a722861926102137?s=96&d=mm&r=g","caption":"MONACELLI ITALY"}}]}},"_links":{"self":[{"href":"https:\/\/www.mymonacelliitaly.com\/pt-br\/wp-json\/wp\/v2\/posts\/9899","targetHints":{"allow":["GET"]}}],"collection":[{"href":"https:\/\/www.mymonacelliitaly.com\/pt-br\/wp-json\/wp\/v2\/posts"}],"about":[{"href":"https:\/\/www.mymonacelliitaly.com\/pt-br\/wp-json\/wp\/v2\/types\/post"}],"author":[{"embeddable":true,"href":"https:\/\/www.mymonacelliitaly.com\/pt-br\/wp-json\/wp\/v2\/users\/14"}],"replies":[{"embeddable":true,"href":"https:\/\/www.mymonacelliitaly.com\/pt-br\/wp-json\/wp\/v2\/comments?post=9899"}],"version-history":[{"count":3,"href":"https:\/\/www.mymonacelliitaly.com\/pt-br\/wp-json\/wp\/v2\/posts\/9899\/revisions"}],"predecessor-version":[{"id":10425,"href":"https:\/\/www.mymonacelliitaly.com\/pt-br\/wp-json\/wp\/v2\/posts\/9899\/revisions\/10425"}],"wp:featuredmedia":[{"embeddable":true,"href":"https:\/\/www.mymonacelliitaly.com\/pt-br\/wp-json\/wp\/v2\/media\/7168"}],"wp:attachment":[{"href":"https:\/\/www.mymonacelliitaly.com\/pt-br\/wp-json\/wp\/v2\/media?parent=9899"}],"wp:term":[{"taxonomy":"category","embeddable":true,"href":"https:\/\/www.mymonacelliitaly.com\/pt-br\/wp-json\/wp\/v2\/categories?post=9899"},{"taxonomy":"post_tag","embeddable":true,"href":"https:\/\/www.mymonacelliitaly.com\/pt-br\/wp-json\/wp\/v2\/tags?post=9899"}],"curies":[{"name":"wp","href":"https:\/\/api.w.org\/{rel}","templated":true}]}}