












{"id":9886,"date":"2021-04-01T13:55:33","date_gmt":"2021-04-01T12:55:33","guid":{"rendered":"https:\/\/www.mymonacelliitaly.com\/?p=9886"},"modified":"2021-05-24T10:35:30","modified_gmt":"2021-05-24T09:35:30","slug":"van-gogh-mudou-meu-jeito-de-pensar","status":"publish","type":"post","link":"https:\/\/www.mymonacelliitaly.com\/pt-br\/2021\/04\/01\/van-gogh-mudou-meu-jeito-de-pensar\/","title":{"rendered":"VAN GOGH MUDOU MEU JEITO DE PENSAR"},"content":{"rendered":"<p>Vincent Van Gogh mudou o meu jeito de pensar, de imaginar e de trabalhar, atrav\u00e9s da sua trajet\u00f3ria e da sua pr\u00f3pria evolu\u00e7\u00e3o.<br>Libertar-se de regras, clich\u00eas e estere\u00f3tipos. <br>Sair da caixinha, n\u00e3o se colocar limites relacionados aos h\u00e1bitos, aos preconceitos.<br>Livres para sonhar suas pr\u00f3prias pinturas e pintar seus pr\u00f3prios sonhos.\u00a0<\/p><p class=\"has-text-align-left\">                                                   Gianluca Grechi<\/p><p class=\"has-text-align-left\">Global art directory MONACELLI ITALY                      <\/p><p class=\"has-text-align-left\">                                                                                                           <\/p><p class=\"has-text-align-left\">                              <strong><a href=\"https:\/\/www.mymonacelliitaly.com\/book-portraits-21\/\">abra o book<\/a><\/strong><\/p><figure class=\"wp-block-image size-large is-resized\"><a href=\"https:\/\/www.mymonacelliitaly.com\/book-portraits-21\/\"><img decoding=\"async\" src=\"https:\/\/www.mymonacelliitaly.com\/wp-content\/uploads\/2021\/04\/Zenit-Page-1024x724.jpg\" alt=\"\" class=\"wp-image-9542\" width=\"281\" height=\"199\" srcset=\"https:\/\/www.mymonacelliitaly.com\/wp-content\/uploads\/2021\/04\/Zenit-Page-1024x724.jpg 1024w, https:\/\/www.mymonacelliitaly.com\/wp-content\/uploads\/2021\/04\/Zenit-Page-300x212.jpg 300w, https:\/\/www.mymonacelliitaly.com\/wp-content\/uploads\/2021\/04\/Zenit-Page-768x543.jpg 768w, https:\/\/www.mymonacelliitaly.com\/wp-content\/uploads\/2021\/04\/Zenit-Page-1536x1086.jpg 1536w, https:\/\/www.mymonacelliitaly.com\/wp-content\/uploads\/2021\/04\/Zenit-Page-600x424.jpg 600w\" sizes=\"(max-width: 281px) 100vw, 281px\" \/><\/a><\/figure><p><\/p>","protected":false},"excerpt":{"rendered":"<p>Vincent Van Gogh mudou o meu jeito de pensar, de imaginar e de trabalhar, atrav\u00e9s da sua trajet\u00f3ria e da sua pr\u00f3pria evolu\u00e7\u00e3o.Libertar-se de regras, clich\u00eas e estere\u00f3tipos. Sair da caixinha, n\u00e3o se colocar limites relacionados aos h\u00e1bitos, aos preconceitos.Livres [&hellip;]<\/p>\n","protected":false},"author":14,"featured_media":9544,"comment_status":"open","ping_status":"closed","sticky":false,"template":"","format":"standard","meta":{"footnotes":""},"categories":[412,413],"tags":[],"class_list":["post-9886","post","type-post","status-publish","format-standard","has-post-thumbnail","hentry","category-magazine","category-professional"],"yoast_head":"<!-- This site is optimized with the Yoast SEO plugin v25.0 - https:\/\/yoast.com\/wordpress\/plugins\/seo\/ -->\n<title>VAN GOGH MUDOU MEU JEITO DE PENSAR | My Monacelli Italy<\/title>\n<meta name=\"description\" content=\"Vincent Van Gogh mudou o meu jeito de pensar, de imaginar e de trabalhar, atrav\u00e9s da sua trajet\u00f3ria e da sua pr\u00f3pria evolu\u00e7\u00e3o.Libertar-se de regras,\" \/>\n<meta name=\"robots\" content=\"index, follow, max-snippet:-1, max-image-preview:large, max-video-preview:-1\" \/>\n<link rel=\"canonical\" href=\"https:\/\/www.mymonacelliitaly.com\/pt-br\/2021\/04\/01\/van-gogh-mudou-meu-jeito-de-pensar\/\" \/>\n<meta property=\"og:locale\" content=\"en_US\" \/>\n<meta property=\"og:type\" content=\"article\" \/>\n<meta property=\"og:title\" content=\"VAN GOGH MUDOU MEU JEITO DE PENSAR | My Monacelli Italy\" \/>\n<meta property=\"og:description\" content=\"Vincent Van Gogh mudou o meu jeito de pensar, de imaginar e de trabalhar, atrav\u00e9s da sua trajet\u00f3ria e da sua pr\u00f3pria evolu\u00e7\u00e3o.Libertar-se de regras,\" \/>\n<meta property=\"og:url\" content=\"https:\/\/www.mymonacelliitaly.com\/pt-br\/2021\/04\/01\/van-gogh-mudou-meu-jeito-de-pensar\/\" \/>\n<meta property=\"og:site_name\" content=\"My Monacelli Italy\" \/>\n<meta property=\"article:publisher\" content=\"https:\/\/www.facebook.com\/monacelliitaly\" \/>\n<meta property=\"article:published_time\" content=\"2021-04-01T12:55:33+00:00\" \/>\n<meta property=\"article:modified_time\" content=\"2021-05-24T09:35:30+00:00\" \/>\n<meta property=\"og:image\" content=\"https:\/\/www.mymonacelliitaly.com\/wp-content\/uploads\/2021\/04\/Zenit-Page-scaled.jpg\" \/>\n\t<meta property=\"og:image:width\" content=\"2560\" \/>\n\t<meta property=\"og:image:height\" content=\"1810\" \/>\n\t<meta property=\"og:image:type\" content=\"image\/jpeg\" \/>\n<meta name=\"author\" content=\"MONACELLI ITALY\" \/>\n<meta name=\"twitter:card\" content=\"summary_large_image\" \/>\n<meta name=\"twitter:label1\" content=\"Written by\" \/>\n\t<meta name=\"twitter:data1\" content=\"MONACELLI ITALY\" \/>\n<script type=\"application\/ld+json\" class=\"yoast-schema-graph\">{\"@context\":\"https:\/\/schema.org\",\"@graph\":[{\"@type\":\"Article\",\"@id\":\"https:\/\/www.mymonacelliitaly.com\/pt-br\/2021\/04\/01\/van-gogh-mudou-meu-jeito-de-pensar\/#article\",\"isPartOf\":{\"@id\":\"https:\/\/www.mymonacelliitaly.com\/pt-br\/2021\/04\/01\/van-gogh-mudou-meu-jeito-de-pensar\/\"},\"author\":{\"name\":\"MONACELLI ITALY\",\"@id\":\"https:\/\/www.mymonacelliitaly.com\/pt-br\/#\/schema\/person\/7442177c12fd02dfc2b6e505f3d9d09c\"},\"headline\":\"VAN GOGH MUDOU MEU JEITO DE PENSAR\",\"datePublished\":\"2021-04-01T12:55:33+00:00\",\"dateModified\":\"2021-05-24T09:35:30+00:00\",\"mainEntityOfPage\":{\"@id\":\"https:\/\/www.mymonacelliitaly.com\/pt-br\/2021\/04\/01\/van-gogh-mudou-meu-jeito-de-pensar\/\"},\"wordCount\":79,\"commentCount\":0,\"publisher\":{\"@id\":\"https:\/\/www.mymonacelliitaly.com\/pt-br\/#organization\"},\"image\":{\"@id\":\"https:\/\/www.mymonacelliitaly.com\/pt-br\/2021\/04\/01\/van-gogh-mudou-meu-jeito-de-pensar\/#primaryimage\"},\"thumbnailUrl\":\"https:\/\/www.mymonacelliitaly.com\/wp-content\/uploads\/2021\/04\/Zenit-Page-scaled.jpg\",\"articleSection\":[\"Magazine\",\"Professional\"],\"inLanguage\":\"BR\",\"potentialAction\":[{\"@type\":\"CommentAction\",\"name\":\"Comment\",\"target\":[\"https:\/\/www.mymonacelliitaly.com\/pt-br\/2021\/04\/01\/van-gogh-mudou-meu-jeito-de-pensar\/#respond\"]}]},{\"@type\":\"WebPage\",\"@id\":\"https:\/\/www.mymonacelliitaly.com\/pt-br\/2021\/04\/01\/van-gogh-mudou-meu-jeito-de-pensar\/\",\"url\":\"https:\/\/www.mymonacelliitaly.com\/pt-br\/2021\/04\/01\/van-gogh-mudou-meu-jeito-de-pensar\/\",\"name\":\"VAN GOGH MUDOU MEU JEITO DE PENSAR | My Monacelli Italy\",\"isPartOf\":{\"@id\":\"https:\/\/www.mymonacelliitaly.com\/pt-br\/#website\"},\"primaryImageOfPage\":{\"@id\":\"https:\/\/www.mymonacelliitaly.com\/pt-br\/2021\/04\/01\/van-gogh-mudou-meu-jeito-de-pensar\/#primaryimage\"},\"image\":{\"@id\":\"https:\/\/www.mymonacelliitaly.com\/pt-br\/2021\/04\/01\/van-gogh-mudou-meu-jeito-de-pensar\/#primaryimage\"},\"thumbnailUrl\":\"https:\/\/www.mymonacelliitaly.com\/wp-content\/uploads\/2021\/04\/Zenit-Page-scaled.jpg\",\"datePublished\":\"2021-04-01T12:55:33+00:00\",\"dateModified\":\"2021-05-24T09:35:30+00:00\",\"description\":\"Vincent Van Gogh mudou o meu jeito de pensar, de imaginar e de trabalhar, atrav\u00e9s da sua trajet\u00f3ria e da sua pr\u00f3pria evolu\u00e7\u00e3o.Libertar-se de regras,\",\"breadcrumb\":{\"@id\":\"https:\/\/www.mymonacelliitaly.com\/pt-br\/2021\/04\/01\/van-gogh-mudou-meu-jeito-de-pensar\/#breadcrumb\"},\"inLanguage\":\"BR\",\"potentialAction\":[{\"@type\":\"ReadAction\",\"target\":[\"https:\/\/www.mymonacelliitaly.com\/pt-br\/2021\/04\/01\/van-gogh-mudou-meu-jeito-de-pensar\/\"]}]},{\"@type\":\"ImageObject\",\"inLanguage\":\"BR\",\"@id\":\"https:\/\/www.mymonacelliitaly.com\/pt-br\/2021\/04\/01\/van-gogh-mudou-meu-jeito-de-pensar\/#primaryimage\",\"url\":\"https:\/\/www.mymonacelliitaly.com\/wp-content\/uploads\/2021\/04\/Zenit-Page-scaled.jpg\",\"contentUrl\":\"https:\/\/www.mymonacelliitaly.com\/wp-content\/uploads\/2021\/04\/Zenit-Page-scaled.jpg\",\"width\":2560,\"height\":1810},{\"@type\":\"BreadcrumbList\",\"@id\":\"https:\/\/www.mymonacelliitaly.com\/pt-br\/2021\/04\/01\/van-gogh-mudou-meu-jeito-de-pensar\/#breadcrumb\",\"itemListElement\":[{\"@type\":\"ListItem\",\"position\":1,\"name\":\"Home\",\"item\":\"https:\/\/www.mymonacelliitaly.com\/pt-br\/\"},{\"@type\":\"ListItem\",\"position\":2,\"name\":\"VAN GOGH MUDOU MEU JEITO DE PENSAR\"}]},{\"@type\":\"WebSite\",\"@id\":\"https:\/\/www.mymonacelliitaly.com\/pt-br\/#website\",\"url\":\"https:\/\/www.mymonacelliitaly.com\/pt-br\/\",\"name\":\"My Monacelli Italy\",\"description\":\"L\u2019unica azienda cosmetica certificata come \u201cazienda di sviluppo\u201d.\",\"publisher\":{\"@id\":\"https:\/\/www.mymonacelliitaly.com\/pt-br\/#organization\"},\"potentialAction\":[{\"@type\":\"SearchAction\",\"target\":{\"@type\":\"EntryPoint\",\"urlTemplate\":\"https:\/\/www.mymonacelliitaly.com\/pt-br\/?s={search_term_string}\"},\"query-input\":{\"@type\":\"PropertyValueSpecification\",\"valueRequired\":true,\"valueName\":\"search_term_string\"}}],\"inLanguage\":\"BR\"},{\"@type\":\"Organization\",\"@id\":\"https:\/\/www.mymonacelliitaly.com\/pt-br\/#organization\",\"name\":\"Monacelli Italy\",\"url\":\"https:\/\/www.mymonacelliitaly.com\/pt-br\/\",\"logo\":{\"@type\":\"ImageObject\",\"inLanguage\":\"BR\",\"@id\":\"https:\/\/www.mymonacelliitaly.com\/pt-br\/#\/schema\/logo\/image\/\",\"url\":\"https:\/\/www.mymonacelliitaly.com\/wp-content\/uploads\/2020\/10\/logo-bn_FONDO-BIANCO.jpg\",\"contentUrl\":\"https:\/\/www.mymonacelliitaly.com\/wp-content\/uploads\/2020\/10\/logo-bn_FONDO-BIANCO.jpg\",\"width\":1074,\"height\":401,\"caption\":\"Monacelli Italy\"},\"image\":{\"@id\":\"https:\/\/www.mymonacelliitaly.com\/pt-br\/#\/schema\/logo\/image\/\"},\"sameAs\":[\"https:\/\/www.facebook.com\/monacelliitaly\"]},{\"@type\":\"Person\",\"@id\":\"https:\/\/www.mymonacelliitaly.com\/pt-br\/#\/schema\/person\/7442177c12fd02dfc2b6e505f3d9d09c\",\"name\":\"MONACELLI ITALY\",\"image\":{\"@type\":\"ImageObject\",\"inLanguage\":\"BR\",\"@id\":\"https:\/\/www.mymonacelliitaly.com\/pt-br\/#\/schema\/person\/image\/\",\"url\":\"https:\/\/secure.gravatar.com\/avatar\/4ea59077caf9c18c84655b3b696ca5b82ba223360791b3b5a722861926102137?s=96&d=mm&r=g\",\"contentUrl\":\"https:\/\/secure.gravatar.com\/avatar\/4ea59077caf9c18c84655b3b696ca5b82ba223360791b3b5a722861926102137?s=96&d=mm&r=g\",\"caption\":\"MONACELLI ITALY\"}}]}<\/script>\n<!-- \/ Yoast SEO plugin. -->","yoast_head_json":{"title":"VAN GOGH MUDOU MEU JEITO DE PENSAR | My Monacelli Italy","description":"Vincent Van Gogh mudou o meu jeito de pensar, de imaginar e de trabalhar, atrav\u00e9s da sua trajet\u00f3ria e da sua pr\u00f3pria evolu\u00e7\u00e3o.Libertar-se de regras,","robots":{"index":"index","follow":"follow","max-snippet":"max-snippet:-1","max-image-preview":"max-image-preview:large","max-video-preview":"max-video-preview:-1"},"canonical":"https:\/\/www.mymonacelliitaly.com\/pt-br\/2021\/04\/01\/van-gogh-mudou-meu-jeito-de-pensar\/","og_locale":"en_US","og_type":"article","og_title":"VAN GOGH MUDOU MEU JEITO DE PENSAR | My Monacelli Italy","og_description":"Vincent Van Gogh mudou o meu jeito de pensar, de imaginar e de trabalhar, atrav\u00e9s da sua trajet\u00f3ria e da sua pr\u00f3pria evolu\u00e7\u00e3o.Libertar-se de regras,","og_url":"https:\/\/www.mymonacelliitaly.com\/pt-br\/2021\/04\/01\/van-gogh-mudou-meu-jeito-de-pensar\/","og_site_name":"My Monacelli Italy","article_publisher":"https:\/\/www.facebook.com\/monacelliitaly","article_published_time":"2021-04-01T12:55:33+00:00","article_modified_time":"2021-05-24T09:35:30+00:00","og_image":[{"width":2560,"height":1810,"url":"https:\/\/www.mymonacelliitaly.com\/wp-content\/uploads\/2021\/04\/Zenit-Page-scaled.jpg","type":"image\/jpeg"}],"author":"MONACELLI ITALY","twitter_card":"summary_large_image","twitter_misc":{"Written by":"MONACELLI ITALY"},"schema":{"@context":"https:\/\/schema.org","@graph":[{"@type":"Article","@id":"https:\/\/www.mymonacelliitaly.com\/pt-br\/2021\/04\/01\/van-gogh-mudou-meu-jeito-de-pensar\/#article","isPartOf":{"@id":"https:\/\/www.mymonacelliitaly.com\/pt-br\/2021\/04\/01\/van-gogh-mudou-meu-jeito-de-pensar\/"},"author":{"name":"MONACELLI ITALY","@id":"https:\/\/www.mymonacelliitaly.com\/pt-br\/#\/schema\/person\/7442177c12fd02dfc2b6e505f3d9d09c"},"headline":"VAN GOGH MUDOU MEU JEITO DE PENSAR","datePublished":"2021-04-01T12:55:33+00:00","dateModified":"2021-05-24T09:35:30+00:00","mainEntityOfPage":{"@id":"https:\/\/www.mymonacelliitaly.com\/pt-br\/2021\/04\/01\/van-gogh-mudou-meu-jeito-de-pensar\/"},"wordCount":79,"commentCount":0,"publisher":{"@id":"https:\/\/www.mymonacelliitaly.com\/pt-br\/#organization"},"image":{"@id":"https:\/\/www.mymonacelliitaly.com\/pt-br\/2021\/04\/01\/van-gogh-mudou-meu-jeito-de-pensar\/#primaryimage"},"thumbnailUrl":"https:\/\/www.mymonacelliitaly.com\/wp-content\/uploads\/2021\/04\/Zenit-Page-scaled.jpg","articleSection":["Magazine","Professional"],"inLanguage":"BR","potentialAction":[{"@type":"CommentAction","name":"Comment","target":["https:\/\/www.mymonacelliitaly.com\/pt-br\/2021\/04\/01\/van-gogh-mudou-meu-jeito-de-pensar\/#respond"]}]},{"@type":"WebPage","@id":"https:\/\/www.mymonacelliitaly.com\/pt-br\/2021\/04\/01\/van-gogh-mudou-meu-jeito-de-pensar\/","url":"https:\/\/www.mymonacelliitaly.com\/pt-br\/2021\/04\/01\/van-gogh-mudou-meu-jeito-de-pensar\/","name":"VAN GOGH MUDOU MEU JEITO DE PENSAR | My Monacelli Italy","isPartOf":{"@id":"https:\/\/www.mymonacelliitaly.com\/pt-br\/#website"},"primaryImageOfPage":{"@id":"https:\/\/www.mymonacelliitaly.com\/pt-br\/2021\/04\/01\/van-gogh-mudou-meu-jeito-de-pensar\/#primaryimage"},"image":{"@id":"https:\/\/www.mymonacelliitaly.com\/pt-br\/2021\/04\/01\/van-gogh-mudou-meu-jeito-de-pensar\/#primaryimage"},"thumbnailUrl":"https:\/\/www.mymonacelliitaly.com\/wp-content\/uploads\/2021\/04\/Zenit-Page-scaled.jpg","datePublished":"2021-04-01T12:55:33+00:00","dateModified":"2021-05-24T09:35:30+00:00","description":"Vincent Van Gogh mudou o meu jeito de pensar, de imaginar e de trabalhar, atrav\u00e9s da sua trajet\u00f3ria e da sua pr\u00f3pria evolu\u00e7\u00e3o.Libertar-se de regras,","breadcrumb":{"@id":"https:\/\/www.mymonacelliitaly.com\/pt-br\/2021\/04\/01\/van-gogh-mudou-meu-jeito-de-pensar\/#breadcrumb"},"inLanguage":"BR","potentialAction":[{"@type":"ReadAction","target":["https:\/\/www.mymonacelliitaly.com\/pt-br\/2021\/04\/01\/van-gogh-mudou-meu-jeito-de-pensar\/"]}]},{"@type":"ImageObject","inLanguage":"BR","@id":"https:\/\/www.mymonacelliitaly.com\/pt-br\/2021\/04\/01\/van-gogh-mudou-meu-jeito-de-pensar\/#primaryimage","url":"https:\/\/www.mymonacelliitaly.com\/wp-content\/uploads\/2021\/04\/Zenit-Page-scaled.jpg","contentUrl":"https:\/\/www.mymonacelliitaly.com\/wp-content\/uploads\/2021\/04\/Zenit-Page-scaled.jpg","width":2560,"height":1810},{"@type":"BreadcrumbList","@id":"https:\/\/www.mymonacelliitaly.com\/pt-br\/2021\/04\/01\/van-gogh-mudou-meu-jeito-de-pensar\/#breadcrumb","itemListElement":[{"@type":"ListItem","position":1,"name":"Home","item":"https:\/\/www.mymonacelliitaly.com\/pt-br\/"},{"@type":"ListItem","position":2,"name":"VAN GOGH MUDOU MEU JEITO DE PENSAR"}]},{"@type":"WebSite","@id":"https:\/\/www.mymonacelliitaly.com\/pt-br\/#website","url":"https:\/\/www.mymonacelliitaly.com\/pt-br\/","name":"My Monacelli Italy","description":"L\u2019unica azienda cosmetica certificata come \u201cazienda di sviluppo\u201d.","publisher":{"@id":"https:\/\/www.mymonacelliitaly.com\/pt-br\/#organization"},"potentialAction":[{"@type":"SearchAction","target":{"@type":"EntryPoint","urlTemplate":"https:\/\/www.mymonacelliitaly.com\/pt-br\/?s={search_term_string}"},"query-input":{"@type":"PropertyValueSpecification","valueRequired":true,"valueName":"search_term_string"}}],"inLanguage":"BR"},{"@type":"Organization","@id":"https:\/\/www.mymonacelliitaly.com\/pt-br\/#organization","name":"Monacelli Italy","url":"https:\/\/www.mymonacelliitaly.com\/pt-br\/","logo":{"@type":"ImageObject","inLanguage":"BR","@id":"https:\/\/www.mymonacelliitaly.com\/pt-br\/#\/schema\/logo\/image\/","url":"https:\/\/www.mymonacelliitaly.com\/wp-content\/uploads\/2020\/10\/logo-bn_FONDO-BIANCO.jpg","contentUrl":"https:\/\/www.mymonacelliitaly.com\/wp-content\/uploads\/2020\/10\/logo-bn_FONDO-BIANCO.jpg","width":1074,"height":401,"caption":"Monacelli Italy"},"image":{"@id":"https:\/\/www.mymonacelliitaly.com\/pt-br\/#\/schema\/logo\/image\/"},"sameAs":["https:\/\/www.facebook.com\/monacelliitaly"]},{"@type":"Person","@id":"https:\/\/www.mymonacelliitaly.com\/pt-br\/#\/schema\/person\/7442177c12fd02dfc2b6e505f3d9d09c","name":"MONACELLI ITALY","image":{"@type":"ImageObject","inLanguage":"BR","@id":"https:\/\/www.mymonacelliitaly.com\/pt-br\/#\/schema\/person\/image\/","url":"https:\/\/secure.gravatar.com\/avatar\/4ea59077caf9c18c84655b3b696ca5b82ba223360791b3b5a722861926102137?s=96&d=mm&r=g","contentUrl":"https:\/\/secure.gravatar.com\/avatar\/4ea59077caf9c18c84655b3b696ca5b82ba223360791b3b5a722861926102137?s=96&d=mm&r=g","caption":"MONACELLI ITALY"}}]}},"_links":{"self":[{"href":"https:\/\/www.mymonacelliitaly.com\/pt-br\/wp-json\/wp\/v2\/posts\/9886","targetHints":{"allow":["GET"]}}],"collection":[{"href":"https:\/\/www.mymonacelliitaly.com\/pt-br\/wp-json\/wp\/v2\/posts"}],"about":[{"href":"https:\/\/www.mymonacelliitaly.com\/pt-br\/wp-json\/wp\/v2\/types\/post"}],"author":[{"embeddable":true,"href":"https:\/\/www.mymonacelliitaly.com\/pt-br\/wp-json\/wp\/v2\/users\/14"}],"replies":[{"embeddable":true,"href":"https:\/\/www.mymonacelliitaly.com\/pt-br\/wp-json\/wp\/v2\/comments?post=9886"}],"version-history":[{"count":1,"href":"https:\/\/www.mymonacelliitaly.com\/pt-br\/wp-json\/wp\/v2\/posts\/9886\/revisions"}],"predecessor-version":[{"id":9887,"href":"https:\/\/www.mymonacelliitaly.com\/pt-br\/wp-json\/wp\/v2\/posts\/9886\/revisions\/9887"}],"wp:featuredmedia":[{"embeddable":true,"href":"https:\/\/www.mymonacelliitaly.com\/pt-br\/wp-json\/wp\/v2\/media\/9544"}],"wp:attachment":[{"href":"https:\/\/www.mymonacelliitaly.com\/pt-br\/wp-json\/wp\/v2\/media?parent=9886"}],"wp:term":[{"taxonomy":"category","embeddable":true,"href":"https:\/\/www.mymonacelliitaly.com\/pt-br\/wp-json\/wp\/v2\/categories?post=9886"},{"taxonomy":"post_tag","embeddable":true,"href":"https:\/\/www.mymonacelliitaly.com\/pt-br\/wp-json\/wp\/v2\/tags?post=9886"}],"curies":[{"name":"wp","href":"https:\/\/api.w.org\/{rel}","templated":true}]}}